{"id":3973,"date":"2024-02-29T10:41:00","date_gmt":"2024-02-29T10:41:00","guid":{"rendered":"https:\/\/www.sarracenia.pl\/?p=3973"},"modified":"2024-03-12T10:53:55","modified_gmt":"2024-03-12T10:53:55","slug":"krajowa-wystawa-psow-rasowych-w-perpignan-francja","status":"publish","type":"post","link":"https:\/\/www.sarracenia.pl\/en\/2024\/02\/29\/krajowa-wystawa-psow-rasowych-w-perpignan-francja\/","title":{"rendered":"Krajowa Wystawa Ps\u00f3w Rasowych w Perpignan ( Francja)"},"content":{"rendered":"<p class=\"has-text-color\" style=\"color:#7c8386\">Wspania\u0142e wie\u015bci z Francji!!<\/p>\n\n\n\n<p class=\"has-text-color\" style=\"color:#7c8386\"><strong>DORIS<span style=\"color:#7a7e7f\" class=\"has-inline-color\"> Sarracenia &#8211;<\/span><\/strong> <span class=\"has-inline-color has-vivid-red-color\">BEST Junior (Naj\u0142adniejszy m\u0142ody) <\/span> &#8211; s\u0119dzia, M Rousset Bernard &#8211; 20.01.2024 r.<\/p>\n\n\n\n<p class=\"has-text-color\" style=\"color:#7c8386\">i nast\u0119pnego dnia<\/p>\n\n\n\n<p class=\"has-text-color\" style=\"color:#7c8386\"><strong>DORIS Sarracenia<\/strong> &#8211;<span class=\"has-inline-color has-vivid-red-color\"> BEST Junior<\/span> &amp;<span class=\"has-inline-color has-vivid-red-color\"> BOS ( Naj\u0142adniejsz suczka)<\/span> \ud83d\ude42 &#8211; s\u0119dzia, M Heinesche Laurent<\/p>\n\n\n\n<p class=\"has-text-color\" style=\"color:#7c8386\"><\/p>\n\n\n\n<div class=\"wp-block-image\"><figure class=\"aligncenter size-large\"><img loading=\"lazy\" width=\"400\" height=\"26\" src=\"https:\/\/www.sarracenia.pl\/wp-content\/uploads\/2021\/07\/linia.png\" alt=\"\" class=\"wp-image-1049\" srcset=\"https:\/\/www.sarracenia.pl\/wp-content\/uploads\/2021\/07\/linia.png 400w, https:\/\/www.sarracenia.pl\/wp-content\/uploads\/2021\/07\/linia-300x20.png 300w, https:\/\/www.sarracenia.pl\/wp-content\/uploads\/2021\/07\/linia-16x1.png 16w\" sizes=\"(max-width: 400px) 100vw, 400px\" \/><\/figure><\/div>\n\n\n\n<p><span class=\"has-inline-color has-vivid-red-color\"><strong>Kolejna wystawa i kolejny sukces DORIS<\/strong><\/span><\/p>\n\n\n\n<p><strong>Krajowa wystawa w Lons le Saunier : 2 marca 2024 r.<\/strong><\/p>\n\n\n\n<p><strong>DORIS Sarracenia<\/strong> &#8211; <span class=\"has-inline-color has-vivid-red-color\">BEST Junior &amp; BIS Junior 3<\/span> !! Bravo<\/p>\n\n\n\n<p>Podzi\u0119kowania dla s\u0119dzi\u00f3w i gratulacje dla Emilie Capteville, w\u0142a\u015bcicielki Doris<\/p>\n\n\n\n<p><\/p>\n\n\n\n<div class=\"wp-block-image\"><figure class=\"aligncenter size-large\"><img loading=\"lazy\" width=\"800\" height=\"601\" src=\"https:\/\/www.sarracenia.pl\/wp-content\/uploads\/2024\/03\/DORIS_Sarracenia.jpg\" alt=\"\" class=\"wp-image-3974\" srcset=\"https:\/\/www.sarracenia.pl\/wp-content\/uploads\/2024\/03\/DORIS_Sarracenia.jpg 800w, https:\/\/www.sarracenia.pl\/wp-content\/uploads\/2024\/03\/DORIS_Sarracenia-300x225.jpg 300w, https:\/\/www.sarracenia.pl\/wp-content\/uploads\/2024\/03\/DORIS_Sarracenia-768x577.jpg 768w, https:\/\/www.sarracenia.pl\/wp-content\/uploads\/2024\/03\/DORIS_Sarracenia-16x12.jpg 16w\" sizes=\"(max-width: 800px) 100vw, 800px\" \/><figcaption><strong>DORIS Sarracenia &#8211; BEST JUNIOR &amp; BOS<\/strong> (Chillout Sarracenia &amp; Michelle My Belle)<\/figcaption><\/figure><\/div>\n\n\n\n<p><\/p>\n\n\n\n<p><\/p>\n\n\n\n<p><\/p>\n\n\n\n<div class=\"wp-block-image\"><figure class=\"aligncenter size-large\"><img loading=\"lazy\" width=\"400\" height=\"26\" src=\"https:\/\/www.sarracenia.pl\/wp-content\/uploads\/2021\/07\/linia.png\" alt=\"\" class=\"wp-image-1049\" srcset=\"https:\/\/www.sarracenia.pl\/wp-content\/uploads\/2021\/07\/linia.png 400w, https:\/\/www.sarracenia.pl\/wp-content\/uploads\/2021\/07\/linia-300x20.png 300w, https:\/\/www.sarracenia.pl\/wp-content\/uploads\/2021\/07\/linia-16x1.png 16w\" sizes=\"(max-width: 400px) 100vw, 400px\" \/><\/figure><\/div>\n\n\n\n<p class=\"has-text-align-center\"><em><span style=\"color:#53585a\" class=\"has-inline-color\">Nasze psy jedz\u0105 brytyjsk\u0105 karm\u0119 bezzbo\u017cow\u0105 &#8222;Chill Dog&#8221;<\/span><\/em>  <a href=\"http:\/\/www.chilldog.shop\/\">http:\/\/www.chilldog.shop<\/a><\/p>","protected":false},"excerpt":{"rendered":"<p>Wspania\u0142e wie\u015bci z Francji!! DORIS Sarracenia &#8211; BEST Junior (Naj\u0142adniejszy m\u0142ody) &#8211; s\u0119dzia, M Rousset Bernard &#8211; 20.01.2024 r. i nast\u0119pnego dnia DORIS Sarracenia &#8211; BEST Junior &amp; BOS ( Naj\u0142adniejsz suczka) \ud83d\ude42 &#8211; s\u0119dzia, M Heinesche Laurent Kolejna wystawa i kolejny sukces DORIS Krajowa wystawa w Lons le Saunier : 2 marca 2024 r. [&hellip;]<\/p>","protected":false},"author":2,"featured_media":3974,"comment_status":"open","ping_status":"open","sticky":false,"template":"","format":"standard","meta":[],"categories":[5,21,1],"tags":[74,85,70,86],"_links":{"self":[{"href":"https:\/\/www.sarracenia.pl\/en\/wp-json\/wp\/v2\/posts\/3973"}],"collection":[{"href":"https:\/\/www.sarracenia.pl\/en\/wp-json\/wp\/v2\/posts"}],"about":[{"href":"https:\/\/www.sarracenia.pl\/en\/wp-json\/wp\/v2\/types\/post"}],"author":[{"embeddable":true,"href":"https:\/\/www.sarracenia.pl\/en\/wp-json\/wp\/v2\/users\/2"}],"replies":[{"embeddable":true,"href":"https:\/\/www.sarracenia.pl\/en\/wp-json\/wp\/v2\/comments?post=3973"}],"version-history":[{"count":2,"href":"https:\/\/www.sarracenia.pl\/en\/wp-json\/wp\/v2\/posts\/3973\/revisions"}],"predecessor-version":[{"id":3977,"href":"https:\/\/www.sarracenia.pl\/en\/wp-json\/wp\/v2\/posts\/3973\/revisions\/3977"}],"wp:featuredmedia":[{"embeddable":true,"href":"https:\/\/www.sarracenia.pl\/en\/wp-json\/wp\/v2\/media\/3974"}],"wp:attachment":[{"href":"https:\/\/www.sarracenia.pl\/en\/wp-json\/wp\/v2\/media?parent=3973"}],"wp:term":[{"taxonomy":"category","embeddable":true,"href":"https:\/\/www.sarracenia.pl\/en\/wp-json\/wp\/v2\/categories?post=3973"},{"taxonomy":"post_tag","embeddable":true,"href":"https:\/\/www.sarracenia.pl\/en\/wp-json\/wp\/v2\/tags?post=3973"}],"curies":[{"name":"wp","href":"https:\/\/api.w.org\/{rel}","templated":true}]}}